{"id":825,"date":"2021-10-29T12:23:08","date_gmt":"2021-10-29T09:23:08","guid":{"rendered":"http:\/\/www.huseyinaltunkaya.com.tr\/?p=825"},"modified":"2021-10-29T12:27:04","modified_gmt":"2021-10-29T09:27:04","slug":"29-ekim-cumhuriyet-bayrami-kutlu-olsun","status":"publish","type":"post","link":"https:\/\/www.huseyinaltunkaya.com.tr\/index.php\/2021\/10\/29\/29-ekim-cumhuriyet-bayrami-kutlu-olsun\/","title":{"rendered":"29 Ekim Cumhuriyet Bayram\u0131 Kutlu olsun."},"content":{"rendered":"\n<p><a href=\"https:\/\/tr.wikipedia.org\/wiki\/Osmanl%C4%B1_Devleti\">Osmanl\u0131 Devleti<\/a>, 1876 y\u0131l\u0131na kadar&nbsp;<a href=\"https:\/\/tr.wikipedia.org\/wiki\/Mutlak_monar%C5%9Fi\">mutlak monar\u015fi<\/a>, 1876-1878 ve 1908-1918 aras\u0131nda&nbsp;<a href=\"https:\/\/tr.wikipedia.org\/wiki\/Me%C5%9Fruti_monar%C5%9Fi\">me\u015fruti monar\u015fi<\/a>&nbsp;ile y\u00f6netilmi\u015fti.&nbsp;<a href=\"https:\/\/tr.wikipedia.org\/wiki\/I._D%C3%BCnya_Sava%C5%9F%C4%B1\">I. D\u00fcnya Sava\u015f\u0131<\/a>&#8216;nda yenilgiye u\u011framas\u0131n\u0131n ard\u0131ndan i\u015fgale u\u011frayan Anadolu&#8217;da halk\u0131n i\u015fgalcilere kar\u015f\u0131&nbsp;<a href=\"https:\/\/tr.wikipedia.org\/wiki\/Mustafa_Kemal_Atat%C3%BCrk\">Mustafa Kemal Pa\u015fa<\/a>&nbsp;\u00f6nderli\u011finde verdi\u011fi&nbsp;<a href=\"https:\/\/tr.wikipedia.org\/wiki\/Mill%C3%AE_M%C3%BCcadele\">Mill\u00ee M\u00fccadele<\/a>, 1923 y\u0131l\u0131nda mill\u00ee g\u00fc\u00e7lerin zaferi ile sonu\u00e7land\u0131. Bu s\u00fcre\u00e7te, &#8220;B\u00fcy\u00fck Millet Meclisi&#8221; ad\u0131yla 23 Nisan 1920&#8217;de&nbsp;<a href=\"https:\/\/tr.wikipedia.org\/wiki\/Ankara\">Ankara<\/a>&#8216;da toplanan halk\u0131n temsilcileri, 20 Ocak 1921&#8217;de&nbsp;<a href=\"https:\/\/tr.wikipedia.org\/wiki\/Te%C5%9Fkilat-%C4%B1_Esasiye_Kanunu\">Te\u015fkilat-\u0131 Esasiye Kanunu<\/a>&nbsp;adl\u0131 yasay\u0131 kabul ederek egemenli\u011fin T\u00fcrk ulusuna ait oldu\u011funu ilan etmi\u015f ve 1 Kas\u0131m 1922&#8217;de ald\u0131\u011f\u0131 kararla&nbsp;<a href=\"https:\/\/tr.wikipedia.org\/wiki\/Saltanat%C4%B1n_kald%C4%B1r%C4%B1lmas%C4%B1\">saltanat\u0131 kald\u0131rm\u0131\u015ft\u0131<\/a>. \u00dclke, meclis h\u00fck\u00fbmeti taraf\u0131ndan y\u00f6netilmekteydi.<\/p>\n\n\n\n<p>27 Ekim 1923&#8217;te \u0130cra Vekilleri Heyeti&#8217;nin istifas\u0131 ve yerine meclisin g\u00fcvenini kazanacak yeni bir kabinenin kurulamamas\u0131 \u00fczerine Mustafa Kemal Pa\u015fa, y\u00f6netim bi\u00e7iminin&nbsp;<a href=\"https:\/\/tr.wikipedia.org\/wiki\/Cumhuriyet\">Cumhuriyet<\/a>&nbsp;olmas\u0131 i\u00e7in&nbsp;<a href=\"https:\/\/tr.wikipedia.org\/wiki\/%C4%B0smet_Pa%C5%9Fa\">\u0130smet Pa\u015fa<\/a>&nbsp;ile birlikte bir yasa de\u011fi\u015fikli\u011fi tasar\u0131s\u0131 haz\u0131rlayarak 29 Ekim 1923&#8217;te Meclis&#8217;e sundu.&nbsp;<a href=\"https:\/\/tr.wikipedia.org\/wiki\/Te%C5%9Fkilat-%C4%B1_Esasiye_Kanunu\">Te\u015fkilat-\u0131 Esasiye Kanunu<\/a>&#8216;nda yap\u0131lan de\u011fi\u015fikliklerin kabul\u00fc ile Cumhuriyet,&nbsp;<a href=\"https:\/\/tr.wikipedia.org\/wiki\/T%C3%BCrkiye_B%C3%BCy%C3%BCk_Millet_Meclisi\">T\u00fcrkiye B\u00fcy\u00fck Millet Meclisi<\/a>&nbsp;taraf\u0131ndan ilan edilmi\u015f oldu.<\/p>\n\n\n\n<p>Cumhuriyetin ilan\u0131,&nbsp;<a href=\"https:\/\/tr.wikipedia.org\/wiki\/Ankara\">Ankara<\/a>&#8216;da 101 pare top at\u0131\u015f\u0131 ile duyuruldu ve 29 Ekim gecesi ile 30 Ekim 1923 tarihinde ba\u015fs\u015fta&nbsp;<a href=\"https:\/\/tr.wikipedia.org\/wiki\/Ankara\">Ankara<\/a>&nbsp;olmak \u00fczere t\u00fcm \u00fclkede bir bayram havas\u0131nda kutland\u0131.<sup><a href=\"https:\/\/tr.wikipedia.org\/wiki\/29_Ekim_Cumhuriyet_Bayram%C4%B1#cite_note-haykir-3\"><\/a><\/sup><\/p>\n\n\n\n<p><strong>BAYRAM \u0130LAN ED\u0130LMES\u0130<\/strong><strong><\/strong><\/p>\n\n\n\n<p>Cumhuriyet ilan edildi\u011fi s\u0131rada hen\u00fcz 29 Ekim g\u00fcn\u00fc bayram ilan edilmemi\u015f, kutlamalar konusunda bir d\u00fczenleme yap\u0131lmam\u0131\u015ft\u0131; 29 Ekim gecesi ve 30 Ekim g\u00fcn\u00fcndeki \u015fenlikleri halk kendili\u011finden organize etti. Ertesi y\u0131l, 26 Ekim 1924 tarihli 986 numaral\u0131 kararname ile Cumhuriyet&#8217;in ilan\u0131n\u0131n 101 pare top at\u0131larak ve planlanacak \u00f6zel bir programla kutlanmas\u0131na karar verildi. 1924 y\u0131l\u0131nda yap\u0131lan kutlamalar, daha sonra yap\u0131lacak olan Cumhuriyet\u2019in ilan\u0131 kutlamalar\u0131n\u0131n ba\u015flang\u0131c\u0131 oldu.<\/p>\n\n\n\n<p>2 \u015eubat 1925&#8217;te Hariciye Vekaletince (<a href=\"https:\/\/tr.wikipedia.org\/wiki\/D%C4%B1%C5%9Fi%C5%9Fleri_Bakanl%C4%B1%C4%9F%C4%B1\">D\u0131\u015fi\u015fleri Bakanl\u0131\u011f\u0131<\/a>) d\u00fczenlenen bir yasa teklifinde 29 Ekim&#8217;in bayram olmas\u0131 \u00f6nerildi.&nbsp;Bu teklif Meclis Anayasa Komisyonu taraf\u0131ndan incelendi ve 18 Nisan&#8217;da karara ba\u011fland\u0131, 19 Nisan&#8217;da ise teklif TBMM taraf\u0131ndan kabul edildi. &#8220;Cumhuriyetin \u0130lan\u0131na M\u00fcsadif 29 Te\u015frinievvel G\u00fcn\u00fcn\u00fcn Milli Bayram Addi Hakk\u0131nda Kanun&#8221; ile 29 Ekim&#8217;de Cumhuriyet Bayram\u0131&#8217;n\u0131n mill\u00ee bayram olarak kutlanmas\u0131 resmi bir h\u00fck\u00fcm \u015fekline geldi.&nbsp;Cumhuriyetin ilan edildi\u011fi g\u00fcn, 1925&#8217;ten itibaren \u00fclke i\u00e7inde ve d\u0131\u015f temsilciliklerde resm\u00ee bir bayram olarak kutlanmaya ba\u015flad\u0131.<\/p>\n\n\n\n<p>H\u00fck\u00fbmet 27 May\u0131s 1935&#8217;te milli bayramlar hakk\u0131nda yeni bir d\u00fczenleme yaparak \u00fclkede kutlanan bayramlar\u0131 ve i\u00e7eriklerini yeniden belirledi. Daha evvel&nbsp;<a href=\"https:\/\/tr.wikipedia.org\/wiki\/II._Me%C5%9Frutiyet\">Me\u015frutiyet<\/a>&#8216;in ilan g\u00fcn\u00fc olan H\u00fcrriyet Bayram\u0131 ile Saltanat\u0131n kald\u0131r\u0131l\u0131\u015f g\u00fcn\u00fc olan H\u00e2kimiyet Bayram\u0131 mill\u00ee bayramlar aras\u0131ndan kald\u0131r\u0131larak kutlanmas\u0131na son verildi. Cumhuriyet&#8217;in ilan edildi\u011fi 29 Ekim g\u00fcn\u00fc &#8220;<a href=\"https:\/\/tr.wikipedia.org\/wiki\/Ulusal_bayram\">ulusal bayram<\/a>&#8221; olarak ilan edildi ve devlet ad\u0131na yaln\u0131z o g\u00fcn t\u00f6ren yap\u0131lmas\u0131 karara ba\u011fland\u0131.<\/p>\n\n\n\n<p><strong>KUTLAMALAR<\/strong><strong><\/strong><\/p>\n\n\n\n<p>Cumhuriyet&#8217;in ilk y\u0131llar\u0131nda, Cumhuriyet Bayram\u0131 kutlamalar\u0131nda y\u0131k\u0131lan bir devletin enkaz\u0131ndan gen\u00e7 T\u00fcrkiye Cumhuriyeti&#8217;nin do\u011fdu\u011fu vurgusu yap\u0131lm\u0131\u015ft\u0131r.<sup>&nbsp; <\/sup>&nbsp;Bu ilk zamanlarda kutlamalar, g\u00fcn\u00fcbirlik yap\u0131lan t\u00f6renler \u015feklindeydi. Ayn\u0131 g\u00fcn i\u00e7inde t\u00f6renler, sabah resmikabul ile ba\u015flar daha sonra devlet erkan\u0131 \u00f6n\u00fcnde resm\u00ee ge\u00e7it d\u00fczenlenir ve ak\u015famda fener alay\u0131 ger\u00e7ekle\u015ftirilerek program \u00fc\u00e7 k\u0131s\u0131mda tamamlanm\u0131\u015f olurdu. Ayr\u0131ca bayram ak\u015famlar\u0131 \u015fehrin idarecileri ve ileri gelenlerinin kat\u0131ld\u0131\u011f\u0131 &#8220;Cumhuriyet Balolar\u0131&#8221; d\u00fczenlendi. T\u00f6renlerin bu yap\u0131s\u0131 1933 y\u0131l\u0131na kadar devam etti.<\/p>\n\n\n\n<p>Cumhuriyet Bayram\u0131 kutlamalar\u0131nda 1933 y\u0131l\u0131nda ger\u00e7ekle\u015fen onuncu y\u0131l kutlamalar\u0131n\u0131n ayr\u0131 bir yeri ve \u00f6nemi vard\u0131r. 1923&#8217;te kurulan Cumhuriyet&#8217;in on y\u0131l gibi k\u0131sa bir s\u00fcre i\u00e7inde ger\u00e7ekle\u015ftirdi\u011fi reformlar\u0131n ve ekonomik kalk\u0131nman\u0131n halka ve t\u00fcm d\u0131\u015f d\u00fcnyaya g\u00f6sterilmek istenmesi Cumhuriyet Bayram\u0131 kutlamalar\u0131na farkl\u0131 bir anlam y\u00fcklenmesine sebep oldu.&nbsp;Onuncu y\u0131lda kutlamalar daha \u00f6nce yap\u0131lan bayram kutlamalar\u0131ndan \u00e7ok daha geni\u015f bir \u015fekilde organize edildi.&nbsp;Haz\u0131rl\u0131klar i\u00e7in 11 Haziran 1933 tarihinde TBMM&#8217;de g\u00f6r\u00fc\u015f\u00fclen ve 12 maddeden olu\u015fan 2305 say\u0131l\u0131 &#8220;Cumhuriyet\u2019in \u0130lan\u0131n\u0131n Onuncu Y\u0131l D\u00f6n\u00fcm\u00fc Kutlama Kanunu&#8221; kabul edildi. Bu yasa ile 10. y\u0131l kutlamalar\u0131n\u0131n \u00fc\u00e7 g\u00fcn s\u00fcrmesi ve bu g\u00fcnlerin resmi tatil olmas\u0131 kararla\u015ft\u0131r\u0131ld\u0131.<\/p>\n\n\n\n<p>T\u00fcm yurtta, 10. y\u0131l bayram kutlama t\u00f6renlerinin yap\u0131ld\u0131\u011f\u0131 yerlere &#8220;Cumhuriyet Meydan\u0131&#8221; ad\u0131 verildi ve isim koyma t\u00f6renleri yap\u0131ld\u0131. \u0130sim konma t\u00f6renleri s\u0131ras\u0131nda hat\u0131ra olarak &#8220;Cumhuriyet An\u0131t\u0131&#8221; veya &#8220;Cumhuriyet Ta\u015f\u0131&#8221; denilen m\u00fctevaz\u0131 an\u0131tlar yap\u0131ld\u0131. Kutlamalar, \u00e7ok renkli ge\u00e7ti.&nbsp;<a href=\"https:\/\/tr.wikipedia.org\/wiki\/Mustafa_Kemal_Atat%C3%BCrk\">Mustafa Kemal<\/a>, Ankara Cumhuriyet Meydan\u0131&#8217;nda&nbsp;<a href=\"https:\/\/tr.wikipedia.org\/wiki\/Onuncu_Y%C4%B1l_Nutku\">Onuncu Y\u0131l Nutku<\/a>&#8216;nu okudu.&nbsp;<a href=\"https:\/\/tr.wikipedia.org\/wiki\/Onuncu_Y%C4%B1l_Mar%C5%9F%C4%B1\">Onuncu Y\u0131l Mar\u015f\u0131<\/a>&nbsp;bestelendi ve mar\u015f her yerde okunur oldu. 1934 y\u0131l\u0131ndan 1945 y\u0131l\u0131na kadar yap\u0131lan Cumhuriyet Bayram\u0131 kutlamalar\u0131 baz\u0131 de\u011fi\u015fiklikler d\u0131\u015f\u0131nda 1933 y\u0131l\u0131nda yap\u0131lan Cumhuriyet Bayram\u0131 kutlamalar\u0131 \u00f6rnek al\u0131narak d\u00fczenlendi.<\/p>\n","protected":false},"excerpt":{"rendered":"<p>Osmanl\u0131 Devleti, 1876 y\u0131l\u0131na kadar&nbsp;mutlak monar\u015fi, 1876-1878 ve 1908-1918 aras\u0131nda&nbsp;me\u015fruti monar\u015fi&nbsp;ile y\u00f6netilmi\u015fti.&nbsp;I. D\u00fcnya Sava\u015f\u0131&#8216;nda yenilgiye u\u011framas\u0131n\u0131n ard\u0131ndan i\u015fgale u\u011frayan Anadolu&#8217;da<\/p>\n","protected":false},"author":1,"featured_media":829,"comment_status":"open","ping_status":"open","sticky":false,"template":"","format":"standard","meta":{"footnotes":""},"categories":[25,1,10,3],"tags":[36,97,26,31,91,90,43,92,101],"class_list":["post-825","post","type-post","status-publish","format-standard","has-post-thumbnail","hentry","category-bizden","category-genel","category-general","category-haberler","tag-emlak-konut","tag-emlak-konut-projeleri","tag-kayasehir","tag-kayasehir-22-bolge","tag-kayasehir-25-bolge","tag-kayasehir-kiralik-daire","tag-kayasehir-satilik-daire","tag-kayasehir25-bolge","tag-oyakkent-siluet"],"_links":{"self":[{"href":"https:\/\/www.huseyinaltunkaya.com.tr\/index.php\/wp-json\/wp\/v2\/posts\/825","targetHints":{"allow":["GET"]}}],"collection":[{"href":"https:\/\/www.huseyinaltunkaya.com.tr\/index.php\/wp-json\/wp\/v2\/posts"}],"about":[{"href":"https:\/\/www.huseyinaltunkaya.com.tr\/index.php\/wp-json\/wp\/v2\/types\/post"}],"author":[{"embeddable":true,"href":"https:\/\/www.huseyinaltunkaya.com.tr\/index.php\/wp-json\/wp\/v2\/users\/1"}],"replies":[{"embeddable":true,"href":"https:\/\/www.huseyinaltunkaya.com.tr\/index.php\/wp-json\/wp\/v2\/comments?post=825"}],"version-history":[{"count":1,"href":"https:\/\/www.huseyinaltunkaya.com.tr\/index.php\/wp-json\/wp\/v2\/posts\/825\/revisions"}],"predecessor-version":[{"id":827,"href":"https:\/\/www.huseyinaltunkaya.com.tr\/index.php\/wp-json\/wp\/v2\/posts\/825\/revisions\/827"}],"wp:featuredmedia":[{"embeddable":true,"href":"https:\/\/www.huseyinaltunkaya.com.tr\/index.php\/wp-json\/wp\/v2\/media\/829"}],"wp:attachment":[{"href":"https:\/\/www.huseyinaltunkaya.com.tr\/index.php\/wp-json\/wp\/v2\/media?parent=825"}],"wp:term":[{"taxonomy":"category","embeddable":true,"href":"https:\/\/www.huseyinaltunkaya.com.tr\/index.php\/wp-json\/wp\/v2\/categories?post=825"},{"taxonomy":"post_tag","embeddable":true,"href":"https:\/\/www.huseyinaltunkaya.com.tr\/index.php\/wp-json\/wp\/v2\/tags?post=825"}],"curies":[{"name":"wp","href":"https:\/\/api.w.org\/{rel}","templated":true}]}}